{"id":623,"date":"2016-06-01T16:03:19","date_gmt":"2016-06-01T16:03:19","guid":{"rendered":"http:\/\/www.sitest.it\/blog\/?p=623"},"modified":"2018-12-11T14:56:54","modified_gmt":"2018-12-11T14:56:54","slug":"ege-la-figura-professionale-le-diagnosi-energetiche","status":"publish","type":"post","link":"https:\/\/www.sitest.it\/blog\/2016\/06\/01\/ege-la-figura-professionale-le-diagnosi-energetiche\/","title":{"rendered":"EGE &#8211; la figura professionale per le diagnosi energetiche"},"content":{"rendered":"<p>L\u2019<strong>EGE<\/strong> l\u2019<strong>Esperto in Gestione delle Energia<\/strong> \u00e8 il soggetto indicato a condurre diagnosi energetiche presso le grandi imprese e le imprese energivore. Questa indicazione trova preciso riferimento nell\u2019art. 8 del D.Lgs. 4 luglio 2014 n. 102. Decorsi 24 mesi dalla data di entrata in vigore del D.Lgs. le diagnosi di cui al comma 1 devono essere pertanto eseguite dai soggetti certificati da organismi accreditati ai sensi del regolamento comunitario n. 765 del 2008 o firmatari degli accordi internazionali di mutuo riconoscimento, in base alle norme UNI CEI 11339. Questo vuol dire che la figura dell\u2019EGE dovr\u00e0 essere certificata da un ente terzo.<\/p>\n<p>Per tanto dal <strong>19 luglio 2016<\/strong> la realizzazione delle diagnosi per le grandi imprese e le imprese energivore e le richiesta di certificati bianchi, a decorrere dalla stessa data, dovranno obbligatoriamente coinvolgere gli EGE certificati da parte terza.<\/p>\n<p>L\u2019Esperto in Gestione dell\u2019Energia \u00e8 una figura professionale che deve essere in grado di associare le competenze tecniche di analisi dei fenomeni energetici collegati ai fabbricati, agli impianti e alle attivit\u00e0 svolte, a quelle economico-finanziarie, di tipo gestione aziendale, di capacit\u00e0 di comunicazione e di relazione. L\u2019Esperto in Gestione dell\u2019Energia assume anche un ruolo fondamentale quale responsabile del sistema gestione energia nell\u2019ambito della norma ISO 50001.<\/p>\n<p>Ma alla base delle sue competenze ci deve essere prima di tutto un\u2019adeguata esperienza sul campo e il rispetto di quanto richiesto dalla norma UNI-CEI 11339 pubblicata a fine del dicembre 2009.<\/p>\n<p>Alcune realt\u00e0 come per esempio <a href=\"http:\/\/www.sacert.eu\/contenuto.php?etichetta=EGE\" target=\"_blank\">SACERT<\/a> o <a href=\"http:\/\/www.icmq.it\/pers_esperti_gestione_energia.php\" target=\"_blank\">ICMQ<\/a>, possono certificare queste competenze e consentire, a seguito del superamento di un specifico esame, l\u2019iscrizione agli elenchi degli Esperti in Gestione dell\u2019Energia e sotto garanzia dal controllo di <a href=\"http:\/\/www.accredia.it\" target=\"_blank\">Accredia<\/a>.<\/p>\n<p>Alcune realt\u00e0 private e pubbliche iniziano gi\u00e0 a richiedere che le diagnosi siano realizzate da questa figura professionale. Il mio studio \u00e8 pertanto in grado, per il settore&nbsp;civile, di indicare&nbsp;soluzioni, offrire consulenze e ovviamente si propone per le candidature all\u2019esecuzione delle diagnosi energetiche ed ambientali.<\/p>\n<p>Competenza acquisita: <strong>EGE settore civile<\/strong>: attivit\u00e0 relative ad impianti, sistemi di servizi, infrastrutture, logistica, e commercio nelle applicazioni civili, nell\u2019edilizia pubblica e privata.<\/p>\n","protected":false},"excerpt":{"rendered":"<p>L\u2019EGE l\u2019Esperto in Gestione delle Energia \u00e8 il soggetto indicato a condurre diagnosi energetiche presso le grandi imprese e le imprese energivore. Questa indicazione trova preciso riferimento nell\u2019art. 8 del D.Lgs. 4 luglio 2014 n. 102. Decorsi 24 mesi dalla data di entrata in vigore del D.Lgs. le diagnosi di cui al comma 1 devono &hellip; <\/p>\n<p class=\"link-more\"><a href=\"https:\/\/www.sitest.it\/blog\/2016\/06\/01\/ege-la-figura-professionale-le-diagnosi-energetiche\/\" class=\"more-link\">Leggi tutto<span class=\"screen-reader-text\"> &#8220;EGE &#8211; la figura professionale per le diagnosi energetiche&#8221;<\/span><\/a><\/p>\n","protected":false},"author":2,"featured_media":626,"comment_status":"closed","ping_status":"open","sticky":false,"template":"","format":"standard","meta":[],"categories":[28],"tags":[],"yoast_head":"<!-- This site is optimized with the Yoast SEO plugin v15.7 - https:\/\/yoast.com\/wordpress\/plugins\/seo\/ -->\n<title>EGE - la figura professionale per le diagnosi energetiche - SITEST<\/title>\n<meta name=\"description\" content=\"L\u2019EGE l\u2019Esperto in Gestione delle Energia \u00e8 il soggetto indicato a condurre diagnosi energetiche dal D.Lgs. 4 luglio 2014 n. 102.\" \/>\n<meta name=\"robots\" content=\"index, follow, max-snippet:-1, max-image-preview:large, max-video-preview:-1\" \/>\n<link rel=\"canonical\" href=\"https:\/\/www.sitest.it\/blog\/2016\/06\/01\/ege-la-figura-professionale-le-diagnosi-energetiche\/\" \/>\n<meta property=\"og:locale\" content=\"it_IT\" \/>\n<meta property=\"og:type\" content=\"article\" \/>\n<meta property=\"og:title\" content=\"EGE - la figura professionale per le diagnosi energetiche - SITEST\" \/>\n<meta property=\"og:description\" content=\"L\u2019EGE l\u2019Esperto in Gestione delle Energia \u00e8 il soggetto indicato a condurre diagnosi energetiche dal D.Lgs. 4 luglio 2014 n. 102.\" \/>\n<meta property=\"og:url\" content=\"https:\/\/www.sitest.it\/blog\/2016\/06\/01\/ege-la-figura-professionale-le-diagnosi-energetiche\/\" \/>\n<meta property=\"og:site_name\" content=\"SITEST\" \/>\n<meta property=\"article:published_time\" content=\"2016-06-01T16:03:19+00:00\" \/>\n<meta property=\"article:modified_time\" content=\"2018-12-11T14:56:54+00:00\" \/>\n<meta property=\"og:image\" content=\"https:\/\/www.sitest.it\/blog\/wp-content\/uploads\/PDCA-Cycle_530-1.jpg\" \/>\n\t<meta property=\"og:image:width\" content=\"539\" \/>\n\t<meta property=\"og:image:height\" content=\"371\" \/>\n<meta name=\"twitter:label1\" content=\"Tempo di lettura stimato\">\n\t<meta name=\"twitter:data1\" content=\"2 minuti\">\n<script type=\"application\/ld+json\" class=\"yoast-schema-graph\">{\"@context\":\"https:\/\/schema.org\",\"@graph\":[{\"@type\":\"WebSite\",\"@id\":\"https:\/\/www.sitest.it\/blog\/#website\",\"url\":\"https:\/\/www.sitest.it\/blog\/\",\"name\":\"SITEST\",\"description\":\"Tra GIS e Certificazione energetica\",\"potentialAction\":[{\"@type\":\"SearchAction\",\"target\":\"https:\/\/www.sitest.it\/blog\/?s={search_term_string}\",\"query-input\":\"required name=search_term_string\"}],\"inLanguage\":\"it-IT\"},{\"@type\":\"ImageObject\",\"@id\":\"https:\/\/www.sitest.it\/blog\/2016\/06\/01\/ege-la-figura-professionale-le-diagnosi-energetiche\/#primaryimage\",\"inLanguage\":\"it-IT\",\"url\":\"https:\/\/www.sitest.it\/blog\/wp-content\/uploads\/PDCA-Cycle_530-1.jpg\",\"width\":539,\"height\":371},{\"@type\":\"WebPage\",\"@id\":\"https:\/\/www.sitest.it\/blog\/2016\/06\/01\/ege-la-figura-professionale-le-diagnosi-energetiche\/#webpage\",\"url\":\"https:\/\/www.sitest.it\/blog\/2016\/06\/01\/ege-la-figura-professionale-le-diagnosi-energetiche\/\",\"name\":\"EGE - la figura professionale per le diagnosi energetiche - SITEST\",\"isPartOf\":{\"@id\":\"https:\/\/www.sitest.it\/blog\/#website\"},\"primaryImageOfPage\":{\"@id\":\"https:\/\/www.sitest.it\/blog\/2016\/06\/01\/ege-la-figura-professionale-le-diagnosi-energetiche\/#primaryimage\"},\"datePublished\":\"2016-06-01T16:03:19+00:00\",\"dateModified\":\"2018-12-11T14:56:54+00:00\",\"author\":{\"@id\":\"https:\/\/www.sitest.it\/blog\/#\/schema\/person\/95b60124a413911c1ab3a06b093bc3a5\"},\"description\":\"L\\u2019EGE l\\u2019Esperto in Gestione delle Energia \\u00e8 il soggetto indicato a condurre diagnosi energetiche dal D.Lgs. 4 luglio 2014 n. 102.\",\"inLanguage\":\"it-IT\",\"potentialAction\":[{\"@type\":\"ReadAction\",\"target\":[\"https:\/\/www.sitest.it\/blog\/2016\/06\/01\/ege-la-figura-professionale-le-diagnosi-energetiche\/\"]}]},{\"@type\":\"Person\",\"@id\":\"https:\/\/www.sitest.it\/blog\/#\/schema\/person\/95b60124a413911c1ab3a06b093bc3a5\",\"name\":\"Giorgio\",\"image\":{\"@type\":\"ImageObject\",\"@id\":\"https:\/\/www.sitest.it\/blog\/#personlogo\",\"inLanguage\":\"it-IT\",\"url\":\"https:\/\/secure.gravatar.com\/avatar\/a0de32c45a6be04f562facfb3ef771e6?s=96&d=mm&r=g\",\"caption\":\"Giorgio\"},\"sameAs\":[\"https:\/\/www.sitest.it\"]}]}<\/script>\n<!-- \/ Yoast SEO plugin. -->","_links":{"self":[{"href":"https:\/\/www.sitest.it\/blog\/wp-json\/wp\/v2\/posts\/623"}],"collection":[{"href":"https:\/\/www.sitest.it\/blog\/wp-json\/wp\/v2\/posts"}],"about":[{"href":"https:\/\/www.sitest.it\/blog\/wp-json\/wp\/v2\/types\/post"}],"author":[{"embeddable":true,"href":"https:\/\/www.sitest.it\/blog\/wp-json\/wp\/v2\/users\/2"}],"replies":[{"embeddable":true,"href":"https:\/\/www.sitest.it\/blog\/wp-json\/wp\/v2\/comments?post=623"}],"version-history":[{"count":4,"href":"https:\/\/www.sitest.it\/blog\/wp-json\/wp\/v2\/posts\/623\/revisions"}],"predecessor-version":[{"id":728,"href":"https:\/\/www.sitest.it\/blog\/wp-json\/wp\/v2\/posts\/623\/revisions\/728"}],"wp:featuredmedia":[{"embeddable":true,"href":"https:\/\/www.sitest.it\/blog\/wp-json\/wp\/v2\/media\/626"}],"wp:attachment":[{"href":"https:\/\/www.sitest.it\/blog\/wp-json\/wp\/v2\/media?parent=623"}],"wp:term":[{"taxonomy":"category","embeddable":true,"href":"https:\/\/www.sitest.it\/blog\/wp-json\/wp\/v2\/categories?post=623"},{"taxonomy":"post_tag","embeddable":true,"href":"https:\/\/www.sitest.it\/blog\/wp-json\/wp\/v2\/tags?post=623"}],"curies":[{"name":"wp","href":"https:\/\/api.w.org\/{rel}","templated":true}]}}